{"id":521,"date":"2018-02-21T16:55:33","date_gmt":"2018-02-21T21:55:33","guid":{"rendered":"http:\/\/reforma3000.seminariobiblicocucuta.org\/?p=521"},"modified":"2024-02-04T13:37:10","modified_gmt":"2024-02-04T13:37:10","slug":"billygraham","status":"publish","type":"post","link":"https:\/\/reforma3000.seminariobiblicocucuta.org\/index.php\/2018\/02\/21\/billygraham\/","title":{"rendered":"El d\u00eda de cobrar la ganancia"},"content":{"rendered":"<p><img loading=\"lazy\" decoding=\"async\" class=\"alignleft size-medium wp-image-544\" src=\"http:\/\/reforma3000.seminariobiblicocucuta.org\/wp-content\/uploads\/2018\/02\/BillyGraham1966-218x300.jpg\" alt=\"\" width=\"218\" height=\"300\" \/>Hoy, 21 de febrero 2018, en las horas\u00a0de la ma\u00f1ana,\u00a0muri\u00f3\u00a0Billy Graham.<\/p>\n<blockquote><p><em>Si vivo, quiero hacerlo para servir a Cristo, pero si muero, salgo ganando.\u00a0 <\/em>Fil 1:21 (TLA)<\/p><\/blockquote>\n<p>\u00bfDe d\u00f3nde viene\u00a0este\u00a0agudo sentido de p\u00e9rdida que no\u00a0fallan de experimentar los que hayan observado ciertas facetas de este hombre, <strong>William Franklin Graham<\/strong>, nacido el\u00a07 de noviembre 1918 en un rancho de Charlotte, Carolina del Norte?<\/p>\n<h3>No perfecto, pero el mejor<\/h3>\n<p>Mucho se dir\u00e1\u00a0en su biograf\u00eda: algunos idealizando sus \u00a0logros como predicador m\u00e1s escuchado de la historia, o admirando (envidiando?) su roce con las m\u00e1s altas esferas de la pol\u00edtica en escala global;\u00a0todav\u00eda otros -creyentes- criticando la simplicidad de su mensaje; y no pocos que tambi\u00e9n se llaman cristianos, censurando su negaci\u00f3n de proferir\u00a0 pronunciamientos de condenaci\u00f3n en contra o su falta de declarar su apoyo a favor de esta o aquella causa, sea pol\u00edtica, social o moral.<\/p>\n<h4>No racista en\u00a0medio del\u00a0racismo<\/h4>\n<p>En los casos en los que lo hizo, para algunos no era suficientemente enf\u00e1tico &#8211; a pesar de invitar\u00a0a Martin Luther King a\u00a0predicar a su lado en New York, y a veces pagar la fianza del frecuentemente encarelado l\u00edder del Movimiento para los Derechos Civiles, Graham no particip\u00f3 en las marchas organizadas, donde hubiera podido hacer mucho bien.<\/p>\n<p>Sin embargo, como todos nosotros merece ser evaluado primeramente dentro de los par\u00e1metros de su propio tiempo.\u00a0Para alguien de afiliaci\u00f3n\u00a0con los Bautista del Sur su posici\u00f3n en contra de la segregaci\u00f3n racial era audaz, as\u00ed como era su protesta en contra del regimen de <em>apartheid<\/em> en\u00a0Sud\u00e1frica.\u00a0un lugar donde se neg\u00f3 a predicar mientras\u00a0existieran estas condiciones.<\/p>\n<h4>No politico en medio de la pol\u00edtica<\/h4>\n<p style=\"text-align: left;\">A pesar del muy hablado papel como capell\u00e1n presidencial y su amistad personal con algunos de los presidentes americanos,\u00a0la actuaci\u00f3n de Billy Graham\u00a0nunca era partidista. Sent\u00eda el llamado pastoral de orar y aconsejar a los que desde la Casa Blanca\u00a0se\u00a0ocuparon\u00a0del bienestar de la naci\u00f3n (y en cierta medida del destino del mundo),\u00a0\u00a0en lo que desde su entendimiento\u00a0eran los asuntos que m\u00e1s preocupaban a Dios. Pero levant\u00f3 una fuerte voz de advertencia en contra de la surgiente \u00abmayor\u00eda moral\u00bb, el intento evang\u00e9lico de imponer una agenda pol\u00edtica de la conservadora derecha y ultra-derecha.<\/p>\n<p>Como se puede observar a lo largo de la historia, la influencia real que ejercen los consejeros espirituales no deja mucho efecto positivo medible: Nixon hizo lo que hizo, a pesar de Billy Graham, y lo mismo se puede decir de Reagan,\u00a0 Clinton y los dos Bush.\u00a0Pero el predicador evang\u00e9lico tambi\u00e9n trab\u00f3 amistad con el cat\u00f3lico\u00a0Kennedy\u00a0y era familiar con\u00a0senadores y\u00a0representantes de los dos partidos (se supone que vot\u00f3 por los Dem\u00f3cratas).<\/p>\n<h4>No codicioso en medio de un ministerio de codiciosos<\/h4>\n<p>El auge de los teleevangelistas llev\u00f3 a la luz p\u00fablica tambi\u00e9n los abusos en los que muchos de ellos incurrieron. Lo que inmortaliz\u00f3 Sinclair Lewis en 1926 en su novela \u00abElmer Gantry\u00bb, la figura del predicador ambulante que detr\u00e1s de la m\u00e1scara del santo se aprovecha de la credulidad de las personas, ahora hizo que para muchos la palabra \u00abteleevangelista\u00bb ten\u00eda cierto tinte sospechoso. En medio de esc\u00e1ndalos estruendos que involucraron los temas perpetuos de sexo y dinero (<a href=\"https:\/\/es.wikipedia.org\/wiki\/Jimmy_Swaggart\" target=\"_blank\" rel=\"noopener\">Jimmy Swaggart<\/a> y <a href=\"https:\/\/en.wikipedia.org\/wiki\/Jim_Bakker\" target=\"_blank\" rel=\"noopener\">Jim Bakker<\/a> fueron finalmente expulsados de las Asambleas de Dios), la Asociaci\u00f3n Evangel\u00edstica Billy Graham y las m\u00faltiples agrupaciones anexadas quedaron sin reproche. Su estilo de vida personal sigui\u00f3 siendo \u00e9l de un hombre crecido en Carolina del Norte y su vida familia, problem\u00e1tica a causa de sus largas ausencias, no sufri\u00f3 por ningunas de las indiscreciones que eran (son) tan comunes en este medio.<\/p>\n<h3>La transcendencia de su obra<\/h3>\n<figure id=\"attachment_543\" aria-describedby=\"caption-attachment-543\" style=\"width: 300px\" class=\"wp-caption alignright\"><img loading=\"lazy\" decoding=\"async\" class=\"size-medium wp-image-543\" src=\"http:\/\/reforma3000.seminariobiblicocucuta.org\/wp-content\/uploads\/2018\/02\/BillyGrahamLausanne-300x191.jpg\" alt=\"\" width=\"300\" height=\"191\" \/><figcaption id=\"caption-attachment-543\" class=\"wp-caption-text\">Billy Graham saluda a 2400 l\u00edderes cristianos de 150 pa\u00edses en Lausana 1974<\/figcaption><\/figure>\n<p>A la pregunta\u00a0cu\u00e1l entre todos sus notables logros consideraba su mayor legado, Billy Graham contest\u00f3: \u00abEl Movimiento Lausana\u00bb.<\/p>\n<p>Ciertamente, los estadios llenos en los cinco continentes y las transmisiones radiales que semanalmente\u00a0llegaban a millones, muy pronto pertenecer\u00e1n a los lugares remotos de la memoria.\u00a0Lausana, sin embargo,\u00a0permanecer\u00e1\u00a0\u00a0como punto de partida de una nueva etapa en la historia de la Iglesia, una etapa que apenas comienza a escribirse. Y con el movimiento puesto en marcha por lo que \u00e9l mismo llam\u00f3 \u00abuna gran necesidad espiritual\u00bb, el nombre de Billy Graham, su fundador.<\/p>\n<p>En el tributo que le rinde el Movimiento Lausana lamentando su fallecimiento se destaca la siguiente evaluaci\u00f3n:<\/p>\n<blockquote><p>En el ministerio evangel\u00edstico de Billy Graham la unci\u00f3n fue acompa\u00f1ada por agilidad mental y visi\u00f3n a largo plazo .<\/p><\/blockquote>\n<h3>La\u00a0transmisi\u00f3n de\u00a0su fe<\/h3>\n<p>Billy Graham ten\u00eda la extraordinaria habilidad de poder transmitir su creencias personales a audiencias esc\u00e9pticas y\u00a0adherentes de otras\u00a0religiones, sin causar\u00a0esta impresi\u00f3n de fastidio que de antemano desconecta al p\u00fablico\u00a0que no comparte la fe del predicador y lo imuniza contra el mensaje.<\/p>\n<blockquote><p>En 1964, Cardenal Richard J. Cushing, entonces el arzobispo cat\u00f3lico de Boston, declar\u00f3 que ning\u00fan cat\u00f3lico que escucha predicar al Se\u00f1or Graham puede \u00abhacer\u00a0otra cosa\u00a0sino volverse un mejor cat\u00f3lico\u00bb.<\/p><\/blockquote>\n<figure id=\"attachment_530\" aria-describedby=\"caption-attachment-530\" style=\"width: 300px\" class=\"wp-caption alignleft\"><img loading=\"lazy\" decoding=\"async\" class=\"size-medium wp-image-530\" src=\"http:\/\/reforma3000.seminariobiblicocucuta.org\/wp-content\/uploads\/2018\/02\/billy-graham-pope-300x269.jpg\" alt=\"\" width=\"300\" height=\"269\" \/><figcaption id=\"caption-attachment-530\" class=\"wp-caption-text\">1990-Encuentro entre el Papa Juan Pablo II. y Billy Graham en el Vaticano<\/figcaption><\/figure>\n<p>Por supuesto, para sectores fundamentalistas tal reconocimiento de la influencia que ejerc\u00eda\u00a0su predicaci\u00f3n\u00a0era\u00a0 motivo de acusar a Graham de\u00a0ser \u00abecumenista\u00bb -un insulto en aquellos c\u00edrculos-, reafirmado en 1990 cuando\u00a0el evangelista visit\u00f3 al Papa Juan Pablo II en el Vaticano y declar\u00f3 su acuerdo con el papa en que las confesiones cristianas deb\u00edan evitar\u00a0entrar en conflicto en la reci\u00e9n reunificada Alemania.<\/p>\n<p>En ocasiones como\u00a0las famosas entrevistas con Larry King, en la televisi\u00f3n americana, el muy versado e intelectual periodista\u00a0escucha con asombro y mira con admiraci\u00f3n al\u00a0rostro iluminado\u00a0de Billy Graham que con candidez\u00a0ingenua le explica por qu\u00e9 para \u00e9l pensar en la muerte no\u00a0alberga ninguna amenaza: al contrario, todos los d\u00edas se prepara\u00a0para\u00a0llegar a la presencia de su Se\u00f1or y verle cara a cara.<\/p>\n<figure id=\"attachment_531\" aria-describedby=\"caption-attachment-531\" style=\"width: 312px\" class=\"wp-caption alignleft\"><img loading=\"lazy\" decoding=\"async\" class=\"wp-image-531\" src=\"http:\/\/reforma3000.seminariobiblicocucuta.org\/wp-content\/uploads\/2018\/02\/billy-graham-larry-king-300x202.jpg\" alt=\"\" width=\"312\" height=\"210\" \/><figcaption id=\"caption-attachment-531\" class=\"wp-caption-text\">Larry King public\u00f3 estas entrevistas bajo el t\u00edtulo \u00abUn tributo a Billy Graham\u00bb<\/figcaption><\/figure>\n<p>El ateo King no se convence en que tal esperanza tenga un fundamento real y verdadero; sin embargo, como\u00a0persona imparcial rinde homenaje a la sinceridad con la que el hombre enfrente transmite su convicci\u00f3n y termina diciendo: \u00abLe envidio por su fe\u00bb.<\/p>\n<p><strong><em>Hoy ha llegado el d\u00eda en el que el predicador y evangelista Rvdo. Dr. Billy Graham pudo cobrar la ganancia de su vida.<\/em><\/strong><\/p>\n<p>&nbsp;<\/p>\n<p>&nbsp;<\/p>\n<p>&nbsp;<\/p>\n<p>&nbsp;<\/p>\n","protected":false},"excerpt":{"rendered":"<p>Hoy, 21 de febrero 2018, en las horas\u00a0de la ma\u00f1ana,\u00a0muri\u00f3\u00a0Billy Graham. Si vivo, quiero hacerlo para servir a Cristo, pero si muero, salgo ganando.\u00a0 Fil 1:21 (TLA) \u00bfDe d\u00f3nde viene\u00a0este\u00a0agudo sentido de p\u00e9rdida que no\u00a0fallan de experimentar los que hayan observado ciertas facetas de este hombre, William Franklin Graham, nacido el\u00a07 de noviembre 1918 en &hellip; <\/p>\n<p class=\"read-more\"><a class=\"btn btn-default\" href=\"https:\/\/reforma3000.seminariobiblicocucuta.org\/index.php\/2018\/02\/21\/billygraham\/\"> Seguir leyendo<span class=\"screen-reader-text\">  Seguir leyendo<\/span><\/a><\/p>\n","protected":false},"author":2,"featured_media":0,"comment_status":"open","ping_status":"open","sticky":false,"template":"","format":"standard","meta":{"footnotes":""},"categories":[4],"tags":[12],"_links":{"self":[{"href":"https:\/\/reforma3000.seminariobiblicocucuta.org\/index.php\/wp-json\/wp\/v2\/posts\/521"}],"collection":[{"href":"https:\/\/reforma3000.seminariobiblicocucuta.org\/index.php\/wp-json\/wp\/v2\/posts"}],"about":[{"href":"https:\/\/reforma3000.seminariobiblicocucuta.org\/index.php\/wp-json\/wp\/v2\/types\/post"}],"author":[{"embeddable":true,"href":"https:\/\/reforma3000.seminariobiblicocucuta.org\/index.php\/wp-json\/wp\/v2\/users\/2"}],"replies":[{"embeddable":true,"href":"https:\/\/reforma3000.seminariobiblicocucuta.org\/index.php\/wp-json\/wp\/v2\/comments?post=521"}],"version-history":[{"count":21,"href":"https:\/\/reforma3000.seminariobiblicocucuta.org\/index.php\/wp-json\/wp\/v2\/posts\/521\/revisions"}],"predecessor-version":[{"id":589,"href":"https:\/\/reforma3000.seminariobiblicocucuta.org\/index.php\/wp-json\/wp\/v2\/posts\/521\/revisions\/589"}],"wp:attachment":[{"href":"https:\/\/reforma3000.seminariobiblicocucuta.org\/index.php\/wp-json\/wp\/v2\/media?parent=521"}],"wp:term":[{"taxonomy":"category","embeddable":true,"href":"https:\/\/reforma3000.seminariobiblicocucuta.org\/index.php\/wp-json\/wp\/v2\/categories?post=521"},{"taxonomy":"post_tag","embeddable":true,"href":"https:\/\/reforma3000.seminariobiblicocucuta.org\/index.php\/wp-json\/wp\/v2\/tags?post=521"}],"curies":[{"name":"wp","href":"https:\/\/api.w.org\/{rel}","templated":true}]}}